{"id":272,"date":"2025-04-04T12:56:15","date_gmt":"2025-04-04T12:56:15","guid":{"rendered":"https:\/\/www.supaffaires.com\/BTSblancperrine\/?p=272"},"modified":"2025-04-22T13:49:16","modified_gmt":"2025-04-22T13:49:16","slug":"consommation-des-produits-artisanaux-locaux","status":"publish","type":"post","link":"https:\/\/www.supaffaires.com\/BTSblancperrine\/2025\/04\/04\/consommation-des-produits-artisanaux-locaux\/","title":{"rendered":"Consommation des produits artisanaux locaux"},"content":{"rendered":"\n<h2 class=\"wp-block-heading\">Pourquoi consommer local ?<\/h2>\n\n\n\n<p class=\"wp-block-paragraph\">Cette volont\u00e9 de manger des produits locaux est motiv\u00e9e par plusieurs \u00e9l\u00e9ments. <\/p>\n\n\n\n<ul class=\"wp-block-list\">\n<li>Pour favoriser l&rsquo;\u00e9conomie et l&#8217;emploi.<\/li>\n\n\n\n<li>Pour \u00eatre plus rassur\u00e9s sur l&rsquo;origine des produits et d&rsquo;o\u00f9 ils viennent.<\/li>\n\n\n\n<li>Les produits locaux ont plus de go\u00fbt que les autres.<\/li>\n\n\n\n<li>Cela aide \u00e9galement les producteurs locaux<\/li>\n<\/ul>\n\n\n\n<h2 class=\"wp-block-heading\">Les avantages d&rsquo;une consommation locale.<\/h2>\n\n\n\n<h3 class=\"wp-block-heading\">Manger de saison<\/h3>\n\n\n\n<p class=\"wp-block-paragraph\">Manger local revient \u00e0 privil\u00e9gier les produits de saisons. Ce qui n&rsquo;est pas n\u00e9gligeable, car le fait de manger les produits suivant les saisons, poss\u00e8de de nombreux bienfaits. Les produits de saisons sont plus riches en nutriments que des produits consomm\u00e9s hors saison, tels que les vitamines, les min\u00e9raux ou encore les antioxydants.<\/p>\n\n\n\n<h3 class=\"wp-block-heading\">Nos produits locaux <\/h3>\n\n\n\n<figure class=\"wp-block-gallery has-nested-images columns-default is-cropped wp-block-gallery-1 is-layout-flex wp-block-gallery-is-layout-flex\">\n<figure class=\"wp-block-image size-large\"><img loading=\"lazy\" decoding=\"async\" width=\"675\" height=\"675\" data-id=\"206\" src=\"https:\/\/www.supaffaires.com\/BTSblancperrine\/wp-content\/uploads\/2025\/03\/coffret-gourmandises.jpg\" alt=\"Les produits que propose l'entreprise \" class=\"wp-image-206\" srcset=\"https:\/\/www.supaffaires.com\/BTSblancperrine\/wp-content\/uploads\/2025\/03\/coffret-gourmandises.jpg 675w, https:\/\/www.supaffaires.com\/BTSblancperrine\/wp-content\/uploads\/2025\/03\/coffret-gourmandises-300x300.jpg 300w, https:\/\/www.supaffaires.com\/BTSblancperrine\/wp-content\/uploads\/2025\/03\/coffret-gourmandises-150x150.jpg 150w\" sizes=\"auto, (max-width: 675px) 100vw, 675px\" \/><figcaption class=\"wp-element-caption\">De nombreux produits propos\u00e9s<\/figcaption><\/figure>\n\n\n\n<figure class=\"wp-block-image size-large\"><img loading=\"lazy\" decoding=\"async\" width=\"300\" height=\"168\" data-id=\"191\" src=\"https:\/\/www.supaffaires.com\/BTSblancperrine\/wp-content\/uploads\/2025\/03\/produit-en-bretagne.png\" alt=\"Notre r\u00e9seau produit en bretagne\" class=\"wp-image-191\"\/><figcaption class=\"wp-element-caption\">Notre r\u00e9seau est produit en bretagne<\/figcaption><\/figure>\n\n\n\n<figure class=\"wp-block-image size-large\"><img loading=\"lazy\" decoding=\"async\" width=\"510\" height=\"510\" data-id=\"172\" src=\"https:\/\/www.supaffaires.com\/BTSblancperrine\/wp-content\/uploads\/2025\/03\/coffret-caramel.jpg\" alt=\"Les produits que propose l'entreprise \" class=\"wp-image-172\" srcset=\"https:\/\/www.supaffaires.com\/BTSblancperrine\/wp-content\/uploads\/2025\/03\/coffret-caramel.jpg 510w, https:\/\/www.supaffaires.com\/BTSblancperrine\/wp-content\/uploads\/2025\/03\/coffret-caramel-300x300.jpg 300w, https:\/\/www.supaffaires.com\/BTSblancperrine\/wp-content\/uploads\/2025\/03\/coffret-caramel-150x150.jpg 150w\" sizes=\"auto, (max-width: 510px) 100vw, 510px\" \/><figcaption class=\"wp-element-caption\">De nombreux produits propos\u00e9s<\/figcaption><\/figure>\n<\/figure>\n\n\n\n<h3 class=\"wp-block-heading\">Nous respectons l&rsquo;environnement<\/h3>\n\n\n\n<p class=\"wp-block-paragraph\">Consommer des produits locaux est un geste \u00e9coresponsable. Les produits fran\u00e7ais ne voyagent que sur quelques kilom\u00e8tres. En revanche, les produits import\u00e9s de l&rsquo;\u00e9tranger, eux parcourent de longues distances impliquant de nombreux type de transport. C&rsquo;est pour cela que nous pr\u00e9f\u00e9rons produire en Bretagne et pour vous prouvez que ce sont bien des produits artisanaux locaux.<\/p>\n\n\n\n<h2 class=\"wp-block-heading\">Diff\u00e9rents produits que nous proposons :<\/h2>\n\n\n\n<figure class=\"wp-block-gallery has-nested-images columns-default is-cropped wp-block-gallery-2 is-layout-flex wp-block-gallery-is-layout-flex\">\n<figure class=\"wp-block-image size-large\"><img loading=\"lazy\" decoding=\"async\" width=\"357\" height=\"234\" data-id=\"240\" src=\"https:\/\/www.supaffaires.com\/BTSblancperrine\/wp-content\/uploads\/2025\/03\/onctueux-chocolat-noir.png\" alt=\"Chocolat noir \u00e0 tartiner\" class=\"wp-image-240\" srcset=\"https:\/\/www.supaffaires.com\/BTSblancperrine\/wp-content\/uploads\/2025\/03\/onctueux-chocolat-noir.png 357w, https:\/\/www.supaffaires.com\/BTSblancperrine\/wp-content\/uploads\/2025\/03\/onctueux-chocolat-noir-300x197.png 300w\" sizes=\"auto, (max-width: 357px) 100vw, 357px\" \/><figcaption class=\"wp-element-caption\">Notre chocolat noir \u00e0 tartiner <\/figcaption><\/figure>\n\n\n\n<figure class=\"wp-block-image size-large\"><img loading=\"lazy\" decoding=\"async\" width=\"1024\" height=\"1024\" data-id=\"254\" src=\"https:\/\/www.supaffaires.com\/BTSblancperrine\/wp-content\/uploads\/2025\/04\/photo-confibreizh-1024x1024.png\" alt=\"Diff\u00e9rents pots de confitures\" class=\"wp-image-254\" srcset=\"https:\/\/www.supaffaires.com\/BTSblancperrine\/wp-content\/uploads\/2025\/04\/photo-confibreizh-1024x1024.png 1024w, https:\/\/www.supaffaires.com\/BTSblancperrine\/wp-content\/uploads\/2025\/04\/photo-confibreizh-300x300.png 300w, https:\/\/www.supaffaires.com\/BTSblancperrine\/wp-content\/uploads\/2025\/04\/photo-confibreizh-150x150.png 150w, https:\/\/www.supaffaires.com\/BTSblancperrine\/wp-content\/uploads\/2025\/04\/photo-confibreizh-768x768.png 768w, https:\/\/www.supaffaires.com\/BTSblancperrine\/wp-content\/uploads\/2025\/04\/photo-confibreizh.png 1080w\" sizes=\"auto, (max-width: 1024px) 100vw, 1024px\" \/><figcaption class=\"wp-element-caption\">Nos confitures <\/figcaption><\/figure>\n\n\n\n<figure class=\"wp-block-image size-large\"><img loading=\"lazy\" decoding=\"async\" width=\"940\" height=\"788\" data-id=\"168\" src=\"https:\/\/www.supaffaires.com\/BTSblancperrine\/wp-content\/uploads\/2025\/03\/Post_Facebook_ethique_soin_beaute_et_nature_2.png\" alt=\"Nos produits sal\u00e9s\" class=\"wp-image-168\" srcset=\"https:\/\/www.supaffaires.com\/BTSblancperrine\/wp-content\/uploads\/2025\/03\/Post_Facebook_ethique_soin_beaute_et_nature_2.png 940w, https:\/\/www.supaffaires.com\/BTSblancperrine\/wp-content\/uploads\/2025\/03\/Post_Facebook_ethique_soin_beaute_et_nature_2-300x251.png 300w, https:\/\/www.supaffaires.com\/BTSblancperrine\/wp-content\/uploads\/2025\/03\/Post_Facebook_ethique_soin_beaute_et_nature_2-768x644.png 768w\" sizes=\"auto, (max-width: 940px) 100vw, 940px\" \/><figcaption class=\"wp-element-caption\">Diff\u00e9rents produits sal\u00e9s<\/figcaption><\/figure>\n<\/figure>\n","protected":false},"excerpt":{"rendered":"<p>Pourquoi consommer local ? Cette volont\u00e9 de manger des produits locaux est motiv\u00e9e par plusieurs \u00e9l\u00e9ments. Les avantages d&rsquo;une consommation locale. Manger de saison Manger local revient \u00e0 privil\u00e9gier les produits de saisons. Ce qui n&rsquo;est pas n\u00e9gligeable, car le fait de manger les produits suivant les saisons, poss\u00e8de de nombreux bienfaits. Les produits de [&hellip;]<\/p>\n","protected":false},"author":1,"featured_media":0,"comment_status":"open","ping_status":"open","sticky":false,"template":"","format":"standard","meta":{"_uag_custom_page_level_css":"","site-sidebar-layout":"default","site-content-layout":"","ast-site-content-layout":"default","site-content-style":"default","site-sidebar-style":"default","ast-global-header-display":"","ast-banner-title-visibility":"","ast-main-header-display":"","ast-hfb-above-header-display":"","ast-hfb-below-header-display":"","ast-hfb-mobile-header-display":"","site-post-title":"","ast-breadcrumbs-content":"","ast-featured-img":"","footer-sml-layout":"","ast-disable-related-posts":"","theme-transparent-header-meta":"","adv-header-id-meta":"","stick-header-meta":"","header-above-stick-meta":"","header-main-stick-meta":"","header-below-stick-meta":"","astra-migrate-meta-layouts":"default","ast-page-background-enabled":"default","ast-page-background-meta":{"desktop":{"background-color":"var(--ast-global-color-4)","background-image":"","background-repeat":"repeat","background-position":"center center","background-size":"auto","background-attachment":"scroll","background-type":"","background-media":"","overlay-type":"","overlay-color":"","overlay-opacity":"","overlay-gradient":""},"tablet":{"background-color":"","background-image":"","background-repeat":"repeat","background-position":"center center","background-size":"auto","background-attachment":"scroll","background-type":"","background-media":"","overlay-type":"","overlay-color":"","overlay-opacity":"","overlay-gradient":""},"mobile":{"background-color":"","background-image":"","background-repeat":"repeat","background-position":"center center","background-size":"auto","background-attachment":"scroll","background-type":"","background-media":"","overlay-type":"","overlay-color":"","overlay-opacity":"","overlay-gradient":""}},"ast-content-background-meta":{"desktop":{"background-color":"var(--ast-global-color-5)","background-image":"","background-repeat":"repeat","background-position":"center center","background-size":"auto","background-attachment":"scroll","background-type":"","background-media":"","overlay-type":"","overlay-color":"","overlay-opacity":"","overlay-gradient":""},"tablet":{"background-color":"var(--ast-global-color-5)","background-image":"","background-repeat":"repeat","background-position":"center center","background-size":"auto","background-attachment":"scroll","background-type":"","background-media":"","overlay-type":"","overlay-color":"","overlay-opacity":"","overlay-gradient":""},"mobile":{"background-color":"var(--ast-global-color-5)","background-image":"","background-repeat":"repeat","background-position":"center center","background-size":"auto","background-attachment":"scroll","background-type":"","background-media":"","overlay-type":"","overlay-color":"","overlay-opacity":"","overlay-gradient":""}},"footnotes":""},"categories":[1],"tags":[],"class_list":["post-272","post","type-post","status-publish","format-standard","hentry","category-uncategorized"],"yoast_head":"<!-- This site is optimized with the Yoast SEO plugin v28.3 - https:\/\/yoast.com\/product\/yoast-seo-wordpress\/ -->\n<title>Consommation des produits artisanaux locaux - Biscuiterie BRIEUC<\/title>\n<meta name=\"robots\" content=\"index, follow, max-snippet:-1, max-image-preview:large, max-video-preview:-1\" \/>\n<link rel=\"canonical\" href=\"https:\/\/www.supaffaires.com\/BTSblancperrine\/2025\/04\/04\/consommation-des-produits-artisanaux-locaux\/\" \/>\n<meta property=\"og:locale\" content=\"fr_FR\" \/>\n<meta property=\"og:type\" content=\"article\" \/>\n<meta property=\"og:title\" content=\"Consommation des produits artisanaux locaux - Biscuiterie BRIEUC\" \/>\n<meta property=\"og:description\" content=\"Pourquoi consommer local ? Cette volont\u00e9 de manger des produits locaux est motiv\u00e9e par plusieurs \u00e9l\u00e9ments. Les avantages d&rsquo;une consommation locale. Manger de saison Manger local revient \u00e0 privil\u00e9gier les produits de saisons. Ce qui n&rsquo;est pas n\u00e9gligeable, car le fait de manger les produits suivant les saisons, poss\u00e8de de nombreux bienfaits. Les produits de [&hellip;]\" \/>\n<meta property=\"og:url\" content=\"https:\/\/www.supaffaires.com\/BTSblancperrine\/2025\/04\/04\/consommation-des-produits-artisanaux-locaux\/\" \/>\n<meta property=\"og:site_name\" content=\"Biscuiterie BRIEUC\" \/>\n<meta property=\"article:published_time\" content=\"2025-04-04T12:56:15+00:00\" \/>\n<meta property=\"article:modified_time\" content=\"2025-04-22T13:49:16+00:00\" \/>\n<meta property=\"og:image\" content=\"https:\/\/www.supaffaires.com\/BTSblancperrine\/wp-content\/uploads\/2025\/03\/coffret-gourmandises.jpg\" \/>\n\t<meta property=\"og:image:width\" content=\"675\" \/>\n\t<meta property=\"og:image:height\" content=\"675\" \/>\n\t<meta property=\"og:image:type\" content=\"image\/jpeg\" \/>\n<meta name=\"author\" content=\"etudiant\" \/>\n<meta name=\"twitter:card\" content=\"summary_large_image\" \/>\n<meta name=\"twitter:label1\" content=\"\u00c9crit par\" \/>\n\t<meta name=\"twitter:data1\" content=\"etudiant\" \/>\n\t<meta name=\"twitter:label2\" content=\"Dur\u00e9e de lecture estim\u00e9e\" \/>\n\t<meta name=\"twitter:data2\" content=\"3 minutes\" \/>\n<script type=\"application\/ld+json\" class=\"yoast-schema-graph\">{\"@context\":\"https:\\\/\\\/schema.org\",\"@graph\":[{\"@type\":\"Article\",\"@id\":\"https:\\\/\\\/www.supaffaires.com\\\/BTSblancperrine\\\/2025\\\/04\\\/04\\\/consommation-des-produits-artisanaux-locaux\\\/#article\",\"isPartOf\":{\"@id\":\"https:\\\/\\\/www.supaffaires.com\\\/BTSblancperrine\\\/2025\\\/04\\\/04\\\/consommation-des-produits-artisanaux-locaux\\\/\"},\"author\":{\"name\":\"etudiant\",\"@id\":\"https:\\\/\\\/www.supaffaires.com\\\/BTSblancperrine\\\/#\\\/schema\\\/person\\\/44704447bb8f0eddf9f1269613f5ea66\"},\"headline\":\"Consommation des produits artisanaux locaux\",\"datePublished\":\"2025-04-04T12:56:15+00:00\",\"dateModified\":\"2025-04-22T13:49:16+00:00\",\"mainEntityOfPage\":{\"@id\":\"https:\\\/\\\/www.supaffaires.com\\\/BTSblancperrine\\\/2025\\\/04\\\/04\\\/consommation-des-produits-artisanaux-locaux\\\/\"},\"wordCount\":232,\"commentCount\":0,\"publisher\":{\"@id\":\"https:\\\/\\\/www.supaffaires.com\\\/BTSblancperrine\\\/#organization\"},\"image\":{\"@id\":\"https:\\\/\\\/www.supaffaires.com\\\/BTSblancperrine\\\/2025\\\/04\\\/04\\\/consommation-des-produits-artisanaux-locaux\\\/#primaryimage\"},\"thumbnailUrl\":\"https:\\\/\\\/www.supaffaires.com\\\/BTSblancperrine\\\/wp-content\\\/uploads\\\/2025\\\/03\\\/coffret-gourmandises.jpg\",\"articleSection\":[\"Uncategorized\"],\"inLanguage\":\"fr-FR\",\"potentialAction\":[{\"@type\":\"CommentAction\",\"name\":\"Comment\",\"target\":[\"https:\\\/\\\/www.supaffaires.com\\\/BTSblancperrine\\\/2025\\\/04\\\/04\\\/consommation-des-produits-artisanaux-locaux\\\/#respond\"]}]},{\"@type\":\"WebPage\",\"@id\":\"https:\\\/\\\/www.supaffaires.com\\\/BTSblancperrine\\\/2025\\\/04\\\/04\\\/consommation-des-produits-artisanaux-locaux\\\/\",\"url\":\"https:\\\/\\\/www.supaffaires.com\\\/BTSblancperrine\\\/2025\\\/04\\\/04\\\/consommation-des-produits-artisanaux-locaux\\\/\",\"name\":\"Consommation des produits artisanaux locaux - Biscuiterie BRIEUC\",\"isPartOf\":{\"@id\":\"https:\\\/\\\/www.supaffaires.com\\\/BTSblancperrine\\\/#website\"},\"primaryImageOfPage\":{\"@id\":\"https:\\\/\\\/www.supaffaires.com\\\/BTSblancperrine\\\/2025\\\/04\\\/04\\\/consommation-des-produits-artisanaux-locaux\\\/#primaryimage\"},\"image\":{\"@id\":\"https:\\\/\\\/www.supaffaires.com\\\/BTSblancperrine\\\/2025\\\/04\\\/04\\\/consommation-des-produits-artisanaux-locaux\\\/#primaryimage\"},\"thumbnailUrl\":\"https:\\\/\\\/www.supaffaires.com\\\/BTSblancperrine\\\/wp-content\\\/uploads\\\/2025\\\/03\\\/coffret-gourmandises.jpg\",\"datePublished\":\"2025-04-04T12:56:15+00:00\",\"dateModified\":\"2025-04-22T13:49:16+00:00\",\"breadcrumb\":{\"@id\":\"https:\\\/\\\/www.supaffaires.com\\\/BTSblancperrine\\\/2025\\\/04\\\/04\\\/consommation-des-produits-artisanaux-locaux\\\/#breadcrumb\"},\"inLanguage\":\"fr-FR\",\"potentialAction\":[{\"@type\":\"ReadAction\",\"target\":[\"https:\\\/\\\/www.supaffaires.com\\\/BTSblancperrine\\\/2025\\\/04\\\/04\\\/consommation-des-produits-artisanaux-locaux\\\/\"]}]},{\"@type\":\"ImageObject\",\"inLanguage\":\"fr-FR\",\"@id\":\"https:\\\/\\\/www.supaffaires.com\\\/BTSblancperrine\\\/2025\\\/04\\\/04\\\/consommation-des-produits-artisanaux-locaux\\\/#primaryimage\",\"url\":\"https:\\\/\\\/www.supaffaires.com\\\/BTSblancperrine\\\/wp-content\\\/uploads\\\/2025\\\/03\\\/coffret-gourmandises.jpg\",\"contentUrl\":\"https:\\\/\\\/www.supaffaires.com\\\/BTSblancperrine\\\/wp-content\\\/uploads\\\/2025\\\/03\\\/coffret-gourmandises.jpg\",\"width\":675,\"height\":675,\"caption\":\"De nombreux produits propos\u00e9s\"},{\"@type\":\"BreadcrumbList\",\"@id\":\"https:\\\/\\\/www.supaffaires.com\\\/BTSblancperrine\\\/2025\\\/04\\\/04\\\/consommation-des-produits-artisanaux-locaux\\\/#breadcrumb\",\"itemListElement\":[{\"@type\":\"ListItem\",\"position\":1,\"name\":\"Accueil\",\"item\":\"https:\\\/\\\/www.supaffaires.com\\\/BTSblancperrine\\\/\"},{\"@type\":\"ListItem\",\"position\":2,\"name\":\"Consommation des produits artisanaux locaux\"}]},{\"@type\":\"WebSite\",\"@id\":\"https:\\\/\\\/www.supaffaires.com\\\/BTSblancperrine\\\/#website\",\"url\":\"https:\\\/\\\/www.supaffaires.com\\\/BTSblancperrine\\\/\",\"name\":\"Biscuiterie BRIEUC\",\"description\":\"Biscuiterie Caramelerie et confiturerie bretonne\",\"publisher\":{\"@id\":\"https:\\\/\\\/www.supaffaires.com\\\/BTSblancperrine\\\/#organization\"},\"potentialAction\":[{\"@type\":\"SearchAction\",\"target\":{\"@type\":\"EntryPoint\",\"urlTemplate\":\"https:\\\/\\\/www.supaffaires.com\\\/BTSblancperrine\\\/?s={search_term_string}\"},\"query-input\":{\"@type\":\"PropertyValueSpecification\",\"valueRequired\":true,\"valueName\":\"search_term_string\"}}],\"inLanguage\":\"fr-FR\"},{\"@type\":\"Organization\",\"@id\":\"https:\\\/\\\/www.supaffaires.com\\\/BTSblancperrine\\\/#organization\",\"name\":\"Biscuiterie BRIEUC\",\"url\":\"https:\\\/\\\/www.supaffaires.com\\\/BTSblancperrine\\\/\",\"logo\":{\"@type\":\"ImageObject\",\"inLanguage\":\"fr-FR\",\"@id\":\"https:\\\/\\\/www.supaffaires.com\\\/BTSblancperrine\\\/#\\\/schema\\\/logo\\\/image\\\/\",\"url\":\"https:\\\/\\\/www.supaffaires.com\\\/BTSblancperrine\\\/wp-content\\\/uploads\\\/2025\\\/03\\\/cropped-logo-brieuc.png\",\"contentUrl\":\"https:\\\/\\\/www.supaffaires.com\\\/BTSblancperrine\\\/wp-content\\\/uploads\\\/2025\\\/03\\\/cropped-logo-brieuc.png\",\"width\":255,\"height\":195,\"caption\":\"Biscuiterie BRIEUC\"},\"image\":{\"@id\":\"https:\\\/\\\/www.supaffaires.com\\\/BTSblancperrine\\\/#\\\/schema\\\/logo\\\/image\\\/\"}},{\"@type\":\"Person\",\"@id\":\"https:\\\/\\\/www.supaffaires.com\\\/BTSblancperrine\\\/#\\\/schema\\\/person\\\/44704447bb8f0eddf9f1269613f5ea66\",\"name\":\"etudiant\",\"image\":{\"@type\":\"ImageObject\",\"inLanguage\":\"fr-FR\",\"@id\":\"https:\\\/\\\/secure.gravatar.com\\\/avatar\\\/98e3c291438e63f30806e1ab7c38f71e954bac5f2a077d85f00f728862d3c221?s=96&d=mm&r=g\",\"url\":\"https:\\\/\\\/secure.gravatar.com\\\/avatar\\\/98e3c291438e63f30806e1ab7c38f71e954bac5f2a077d85f00f728862d3c221?s=96&d=mm&r=g\",\"contentUrl\":\"https:\\\/\\\/secure.gravatar.com\\\/avatar\\\/98e3c291438e63f30806e1ab7c38f71e954bac5f2a077d85f00f728862d3c221?s=96&d=mm&r=g\",\"caption\":\"etudiant\"},\"sameAs\":[\"https:\\\/\\\/www.supaffaires.com\\\/BTSblancperrine\"],\"url\":\"https:\\\/\\\/www.supaffaires.com\\\/BTSblancperrine\\\/author\\\/etudiant\\\/\"}]}<\/script>\n<!-- \/ Yoast SEO plugin. -->","yoast_head_json":{"title":"Consommation des produits artisanaux locaux - Biscuiterie BRIEUC","robots":{"index":"index","follow":"follow","max-snippet":"max-snippet:-1","max-image-preview":"max-image-preview:large","max-video-preview":"max-video-preview:-1"},"canonical":"https:\/\/www.supaffaires.com\/BTSblancperrine\/2025\/04\/04\/consommation-des-produits-artisanaux-locaux\/","og_locale":"fr_FR","og_type":"article","og_title":"Consommation des produits artisanaux locaux - Biscuiterie BRIEUC","og_description":"Pourquoi consommer local ? Cette volont\u00e9 de manger des produits locaux est motiv\u00e9e par plusieurs \u00e9l\u00e9ments. Les avantages d&rsquo;une consommation locale. Manger de saison Manger local revient \u00e0 privil\u00e9gier les produits de saisons. Ce qui n&rsquo;est pas n\u00e9gligeable, car le fait de manger les produits suivant les saisons, poss\u00e8de de nombreux bienfaits. Les produits de [&hellip;]","og_url":"https:\/\/www.supaffaires.com\/BTSblancperrine\/2025\/04\/04\/consommation-des-produits-artisanaux-locaux\/","og_site_name":"Biscuiterie BRIEUC","article_published_time":"2025-04-04T12:56:15+00:00","article_modified_time":"2025-04-22T13:49:16+00:00","og_image":[{"width":675,"height":675,"url":"https:\/\/www.supaffaires.com\/BTSblancperrine\/wp-content\/uploads\/2025\/03\/coffret-gourmandises.jpg","type":"image\/jpeg"}],"author":"etudiant","twitter_card":"summary_large_image","twitter_misc":{"\u00c9crit par":"etudiant","Dur\u00e9e de lecture estim\u00e9e":"3 minutes"},"schema":{"@context":"https:\/\/schema.org","@graph":[{"@type":"Article","@id":"https:\/\/www.supaffaires.com\/BTSblancperrine\/2025\/04\/04\/consommation-des-produits-artisanaux-locaux\/#article","isPartOf":{"@id":"https:\/\/www.supaffaires.com\/BTSblancperrine\/2025\/04\/04\/consommation-des-produits-artisanaux-locaux\/"},"author":{"name":"etudiant","@id":"https:\/\/www.supaffaires.com\/BTSblancperrine\/#\/schema\/person\/44704447bb8f0eddf9f1269613f5ea66"},"headline":"Consommation des produits artisanaux locaux","datePublished":"2025-04-04T12:56:15+00:00","dateModified":"2025-04-22T13:49:16+00:00","mainEntityOfPage":{"@id":"https:\/\/www.supaffaires.com\/BTSblancperrine\/2025\/04\/04\/consommation-des-produits-artisanaux-locaux\/"},"wordCount":232,"commentCount":0,"publisher":{"@id":"https:\/\/www.supaffaires.com\/BTSblancperrine\/#organization"},"image":{"@id":"https:\/\/www.supaffaires.com\/BTSblancperrine\/2025\/04\/04\/consommation-des-produits-artisanaux-locaux\/#primaryimage"},"thumbnailUrl":"https:\/\/www.supaffaires.com\/BTSblancperrine\/wp-content\/uploads\/2025\/03\/coffret-gourmandises.jpg","articleSection":["Uncategorized"],"inLanguage":"fr-FR","potentialAction":[{"@type":"CommentAction","name":"Comment","target":["https:\/\/www.supaffaires.com\/BTSblancperrine\/2025\/04\/04\/consommation-des-produits-artisanaux-locaux\/#respond"]}]},{"@type":"WebPage","@id":"https:\/\/www.supaffaires.com\/BTSblancperrine\/2025\/04\/04\/consommation-des-produits-artisanaux-locaux\/","url":"https:\/\/www.supaffaires.com\/BTSblancperrine\/2025\/04\/04\/consommation-des-produits-artisanaux-locaux\/","name":"Consommation des produits artisanaux locaux - Biscuiterie BRIEUC","isPartOf":{"@id":"https:\/\/www.supaffaires.com\/BTSblancperrine\/#website"},"primaryImageOfPage":{"@id":"https:\/\/www.supaffaires.com\/BTSblancperrine\/2025\/04\/04\/consommation-des-produits-artisanaux-locaux\/#primaryimage"},"image":{"@id":"https:\/\/www.supaffaires.com\/BTSblancperrine\/2025\/04\/04\/consommation-des-produits-artisanaux-locaux\/#primaryimage"},"thumbnailUrl":"https:\/\/www.supaffaires.com\/BTSblancperrine\/wp-content\/uploads\/2025\/03\/coffret-gourmandises.jpg","datePublished":"2025-04-04T12:56:15+00:00","dateModified":"2025-04-22T13:49:16+00:00","breadcrumb":{"@id":"https:\/\/www.supaffaires.com\/BTSblancperrine\/2025\/04\/04\/consommation-des-produits-artisanaux-locaux\/#breadcrumb"},"inLanguage":"fr-FR","potentialAction":[{"@type":"ReadAction","target":["https:\/\/www.supaffaires.com\/BTSblancperrine\/2025\/04\/04\/consommation-des-produits-artisanaux-locaux\/"]}]},{"@type":"ImageObject","inLanguage":"fr-FR","@id":"https:\/\/www.supaffaires.com\/BTSblancperrine\/2025\/04\/04\/consommation-des-produits-artisanaux-locaux\/#primaryimage","url":"https:\/\/www.supaffaires.com\/BTSblancperrine\/wp-content\/uploads\/2025\/03\/coffret-gourmandises.jpg","contentUrl":"https:\/\/www.supaffaires.com\/BTSblancperrine\/wp-content\/uploads\/2025\/03\/coffret-gourmandises.jpg","width":675,"height":675,"caption":"De nombreux produits propos\u00e9s"},{"@type":"BreadcrumbList","@id":"https:\/\/www.supaffaires.com\/BTSblancperrine\/2025\/04\/04\/consommation-des-produits-artisanaux-locaux\/#breadcrumb","itemListElement":[{"@type":"ListItem","position":1,"name":"Accueil","item":"https:\/\/www.supaffaires.com\/BTSblancperrine\/"},{"@type":"ListItem","position":2,"name":"Consommation des produits artisanaux locaux"}]},{"@type":"WebSite","@id":"https:\/\/www.supaffaires.com\/BTSblancperrine\/#website","url":"https:\/\/www.supaffaires.com\/BTSblancperrine\/","name":"Biscuiterie BRIEUC","description":"Biscuiterie Caramelerie et confiturerie bretonne","publisher":{"@id":"https:\/\/www.supaffaires.com\/BTSblancperrine\/#organization"},"potentialAction":[{"@type":"SearchAction","target":{"@type":"EntryPoint","urlTemplate":"https:\/\/www.supaffaires.com\/BTSblancperrine\/?s={search_term_string}"},"query-input":{"@type":"PropertyValueSpecification","valueRequired":true,"valueName":"search_term_string"}}],"inLanguage":"fr-FR"},{"@type":"Organization","@id":"https:\/\/www.supaffaires.com\/BTSblancperrine\/#organization","name":"Biscuiterie BRIEUC","url":"https:\/\/www.supaffaires.com\/BTSblancperrine\/","logo":{"@type":"ImageObject","inLanguage":"fr-FR","@id":"https:\/\/www.supaffaires.com\/BTSblancperrine\/#\/schema\/logo\/image\/","url":"https:\/\/www.supaffaires.com\/BTSblancperrine\/wp-content\/uploads\/2025\/03\/cropped-logo-brieuc.png","contentUrl":"https:\/\/www.supaffaires.com\/BTSblancperrine\/wp-content\/uploads\/2025\/03\/cropped-logo-brieuc.png","width":255,"height":195,"caption":"Biscuiterie BRIEUC"},"image":{"@id":"https:\/\/www.supaffaires.com\/BTSblancperrine\/#\/schema\/logo\/image\/"}},{"@type":"Person","@id":"https:\/\/www.supaffaires.com\/BTSblancperrine\/#\/schema\/person\/44704447bb8f0eddf9f1269613f5ea66","name":"etudiant","image":{"@type":"ImageObject","inLanguage":"fr-FR","@id":"https:\/\/secure.gravatar.com\/avatar\/98e3c291438e63f30806e1ab7c38f71e954bac5f2a077d85f00f728862d3c221?s=96&d=mm&r=g","url":"https:\/\/secure.gravatar.com\/avatar\/98e3c291438e63f30806e1ab7c38f71e954bac5f2a077d85f00f728862d3c221?s=96&d=mm&r=g","contentUrl":"https:\/\/secure.gravatar.com\/avatar\/98e3c291438e63f30806e1ab7c38f71e954bac5f2a077d85f00f728862d3c221?s=96&d=mm&r=g","caption":"etudiant"},"sameAs":["https:\/\/www.supaffaires.com\/BTSblancperrine"],"url":"https:\/\/www.supaffaires.com\/BTSblancperrine\/author\/etudiant\/"}]}},"uagb_featured_image_src":{"full":false,"thumbnail":false,"medium":false,"medium_large":false,"large":false,"1536x1536":false,"2048x2048":false},"uagb_author_info":{"display_name":"etudiant","author_link":"https:\/\/www.supaffaires.com\/BTSblancperrine\/author\/etudiant\/"},"uagb_comment_info":0,"uagb_excerpt":"Pourquoi consommer local ? Cette volont\u00e9 de manger des produits locaux est motiv\u00e9e par plusieurs \u00e9l\u00e9ments. Les avantages d&rsquo;une consommation locale. Manger de saison Manger local revient \u00e0 privil\u00e9gier les produits de saisons. Ce qui n&rsquo;est pas n\u00e9gligeable, car le fait de manger les produits suivant les saisons, poss\u00e8de de nombreux bienfaits. Les produits de\u2026","_links":{"self":[{"href":"https:\/\/www.supaffaires.com\/BTSblancperrine\/wp-json\/wp\/v2\/posts\/272","targetHints":{"allow":["GET"]}}],"collection":[{"href":"https:\/\/www.supaffaires.com\/BTSblancperrine\/wp-json\/wp\/v2\/posts"}],"about":[{"href":"https:\/\/www.supaffaires.com\/BTSblancperrine\/wp-json\/wp\/v2\/types\/post"}],"author":[{"embeddable":true,"href":"https:\/\/www.supaffaires.com\/BTSblancperrine\/wp-json\/wp\/v2\/users\/1"}],"replies":[{"embeddable":true,"href":"https:\/\/www.supaffaires.com\/BTSblancperrine\/wp-json\/wp\/v2\/comments?post=272"}],"version-history":[{"count":3,"href":"https:\/\/www.supaffaires.com\/BTSblancperrine\/wp-json\/wp\/v2\/posts\/272\/revisions"}],"predecessor-version":[{"id":283,"href":"https:\/\/www.supaffaires.com\/BTSblancperrine\/wp-json\/wp\/v2\/posts\/272\/revisions\/283"}],"wp:attachment":[{"href":"https:\/\/www.supaffaires.com\/BTSblancperrine\/wp-json\/wp\/v2\/media?parent=272"}],"wp:term":[{"taxonomy":"category","embeddable":true,"href":"https:\/\/www.supaffaires.com\/BTSblancperrine\/wp-json\/wp\/v2\/categories?post=272"},{"taxonomy":"post_tag","embeddable":true,"href":"https:\/\/www.supaffaires.com\/BTSblancperrine\/wp-json\/wp\/v2\/tags?post=272"}],"curies":[{"name":"wp","href":"https:\/\/api.w.org\/{rel}","templated":true}]}}