{"id":286,"date":"2025-04-29T12:30:00","date_gmt":"2025-04-29T12:30:00","guid":{"rendered":"https:\/\/www.supaffaires.com\/BTSblancperrine\/?p=286"},"modified":"2025-04-29T12:46:10","modified_gmt":"2025-04-29T12:46:10","slug":"brieuc-choisit-le-transport-maritime-decarbone","status":"publish","type":"post","link":"https:\/\/www.supaffaires.com\/BTSblancperrine\/2025\/04\/29\/brieuc-choisit-le-transport-maritime-decarbone\/","title":{"rendered":"Brieuc choisit le transport maritime d\u00e9carbon\u00e9"},"content":{"rendered":"\n<p class=\"wp-block-paragraph\">Chez Brieuc, nous renfor\u00e7ons notre engagement en faveur de l\u2019environnement en adoptant un mode de transport maritime plus \u00e9cologique. Pour acheminer certaines mati\u00e8res premi\u00e8res comme le cacao, nous faisons d\u00e9sormais appel \u00e0 un cargo voilier. Ce bateau, propuls\u00e9 principalement par la force du vent, permet de r\u00e9duire significativement les \u00e9missions de CO\u2082 li\u00e9es au transport international.<\/p>\n\n\n\n<p class=\"wp-block-paragraph\">Cette d\u00e9marche s\u2019int\u00e8gre pleinement dans notre politique RSE (Responsabilit\u00e9 Soci\u00e9tale des Entreprises). Depuis toujours, nous faisons le choix de travailler avec des producteurs responsables, de fabriquer nos produits en Bretagne de fa\u00e7on artisanale, et maintenant, de privil\u00e9gier un transport d\u00e9carbon\u00e9.<\/p>\n\n\n\n<p class=\"wp-block-paragraph\">Le recours \u00e0 ce type de navigation repr\u00e9sente une \u00e9tape concr\u00e8te vers une entreprise plus durable et engag\u00e9e. Il incarne notre volont\u00e9 de concilier qualit\u00e9, respect de la plan\u00e8te.<\/p>\n\n\n\n<p class=\"wp-block-paragraph\">Chez Brieuc, nous croyons en un avenir o\u00f9 production rime avec conscience \u00e9cologique. C\u2019est avec fiert\u00e9 que nous faisons \u00e9voluer nos pratiques.<\/p>\n\n\n\n<figure class=\"wp-block-image size-large is-resized\"><img loading=\"lazy\" decoding=\"async\" width=\"1024\" height=\"574\" src=\"https:\/\/www.supaffaires.com\/BTSblancperrine\/wp-content\/uploads\/2025\/04\/Grain_de_sail_maquette-2-1024x574.jpg\" alt=\"Image d'un bateau\" class=\"wp-image-289\" style=\"width:380px;height:auto\" srcset=\"https:\/\/www.supaffaires.com\/BTSblancperrine\/wp-content\/uploads\/2025\/04\/Grain_de_sail_maquette-2-1024x574.jpg 1024w, https:\/\/www.supaffaires.com\/BTSblancperrine\/wp-content\/uploads\/2025\/04\/Grain_de_sail_maquette-2-300x168.jpg 300w, https:\/\/www.supaffaires.com\/BTSblancperrine\/wp-content\/uploads\/2025\/04\/Grain_de_sail_maquette-2-768x430.jpg 768w, https:\/\/www.supaffaires.com\/BTSblancperrine\/wp-content\/uploads\/2025\/04\/Grain_de_sail_maquette-2-1536x861.jpg 1536w, https:\/\/www.supaffaires.com\/BTSblancperrine\/wp-content\/uploads\/2025\/04\/Grain_de_sail_maquette-2.jpg 1665w\" sizes=\"auto, (max-width: 1024px) 100vw, 1024px\" \/><\/figure>\n\n\n\n<div class=\"wp-block-buttons is-content-justification-center is-layout-flex wp-container-core-buttons-is-layout-3e41869c wp-block-buttons-is-layout-flex\">\n<div class=\"wp-block-button\"><a class=\"wp-block-button__link wp-element-button\" href=\"https:\/\/graindesail.com\/fr\/content\/21-notre-entreprise\">en savoir plus<\/a><\/div>\n<\/div>\n\n\n\n<p class=\"wp-block-paragraph\"><\/p>\n","protected":false},"excerpt":{"rendered":"<p>Chez Brieuc, nous renfor\u00e7ons notre engagement en faveur de l\u2019environnement en adoptant un mode de transport maritime plus \u00e9cologique. Pour acheminer certaines mati\u00e8res premi\u00e8res comme le cacao, nous faisons d\u00e9sormais appel \u00e0 un cargo voilier. Ce bateau, propuls\u00e9 principalement par la force du vent, permet de r\u00e9duire significativement les \u00e9missions de CO\u2082 li\u00e9es au transport [&hellip;]<\/p>\n","protected":false},"author":1,"featured_media":0,"comment_status":"open","ping_status":"open","sticky":false,"template":"","format":"standard","meta":{"_uag_custom_page_level_css":"","site-sidebar-layout":"default","site-content-layout":"","ast-site-content-layout":"default","site-content-style":"default","site-sidebar-style":"default","ast-global-header-display":"","ast-banner-title-visibility":"","ast-main-header-display":"","ast-hfb-above-header-display":"","ast-hfb-below-header-display":"","ast-hfb-mobile-header-display":"","site-post-title":"","ast-breadcrumbs-content":"","ast-featured-img":"","footer-sml-layout":"","ast-disable-related-posts":"","theme-transparent-header-meta":"","adv-header-id-meta":"","stick-header-meta":"","header-above-stick-meta":"","header-main-stick-meta":"","header-below-stick-meta":"","astra-migrate-meta-layouts":"default","ast-page-background-enabled":"default","ast-page-background-meta":{"desktop":{"background-color":"var(--ast-global-color-4)","background-image":"","background-repeat":"repeat","background-position":"center center","background-size":"auto","background-attachment":"scroll","background-type":"","background-media":"","overlay-type":"","overlay-color":"","overlay-opacity":"","overlay-gradient":""},"tablet":{"background-color":"","background-image":"","background-repeat":"repeat","background-position":"center center","background-size":"auto","background-attachment":"scroll","background-type":"","background-media":"","overlay-type":"","overlay-color":"","overlay-opacity":"","overlay-gradient":""},"mobile":{"background-color":"","background-image":"","background-repeat":"repeat","background-position":"center center","background-size":"auto","background-attachment":"scroll","background-type":"","background-media":"","overlay-type":"","overlay-color":"","overlay-opacity":"","overlay-gradient":""}},"ast-content-background-meta":{"desktop":{"background-color":"var(--ast-global-color-5)","background-image":"","background-repeat":"repeat","background-position":"center center","background-size":"auto","background-attachment":"scroll","background-type":"","background-media":"","overlay-type":"","overlay-color":"","overlay-opacity":"","overlay-gradient":""},"tablet":{"background-color":"var(--ast-global-color-5)","background-image":"","background-repeat":"repeat","background-position":"center center","background-size":"auto","background-attachment":"scroll","background-type":"","background-media":"","overlay-type":"","overlay-color":"","overlay-opacity":"","overlay-gradient":""},"mobile":{"background-color":"var(--ast-global-color-5)","background-image":"","background-repeat":"repeat","background-position":"center center","background-size":"auto","background-attachment":"scroll","background-type":"","background-media":"","overlay-type":"","overlay-color":"","overlay-opacity":"","overlay-gradient":""}},"footnotes":""},"categories":[1],"tags":[],"class_list":["post-286","post","type-post","status-publish","format-standard","hentry","category-uncategorized"],"yoast_head":"<!-- This site is optimized with the Yoast SEO plugin v28.3 - https:\/\/yoast.com\/product\/yoast-seo-wordpress\/ -->\n<title>Brieuc choisit le transport maritime d\u00e9carbon\u00e9 - Biscuiterie BRIEUC<\/title>\n<meta name=\"robots\" content=\"index, follow, max-snippet:-1, max-image-preview:large, max-video-preview:-1\" \/>\n<link rel=\"canonical\" href=\"https:\/\/www.supaffaires.com\/BTSblancperrine\/2025\/04\/29\/brieuc-choisit-le-transport-maritime-decarbone\/\" \/>\n<meta property=\"og:locale\" content=\"fr_FR\" \/>\n<meta property=\"og:type\" content=\"article\" \/>\n<meta property=\"og:title\" content=\"Brieuc choisit le transport maritime d\u00e9carbon\u00e9 - Biscuiterie BRIEUC\" \/>\n<meta property=\"og:description\" content=\"Chez Brieuc, nous renfor\u00e7ons notre engagement en faveur de l\u2019environnement en adoptant un mode de transport maritime plus \u00e9cologique. Pour acheminer certaines mati\u00e8res premi\u00e8res comme le cacao, nous faisons d\u00e9sormais appel \u00e0 un cargo voilier. Ce bateau, propuls\u00e9 principalement par la force du vent, permet de r\u00e9duire significativement les \u00e9missions de CO\u2082 li\u00e9es au transport [&hellip;]\" \/>\n<meta property=\"og:url\" content=\"https:\/\/www.supaffaires.com\/BTSblancperrine\/2025\/04\/29\/brieuc-choisit-le-transport-maritime-decarbone\/\" \/>\n<meta property=\"og:site_name\" content=\"Biscuiterie BRIEUC\" \/>\n<meta property=\"article:published_time\" content=\"2025-04-29T12:30:00+00:00\" \/>\n<meta property=\"article:modified_time\" content=\"2025-04-29T12:46:10+00:00\" \/>\n<meta property=\"og:image\" content=\"https:\/\/www.supaffaires.com\/BTSblancperrine\/wp-content\/uploads\/2025\/04\/Grain_de_sail_maquette-2.jpg\" \/>\n\t<meta property=\"og:image:width\" content=\"1665\" \/>\n\t<meta property=\"og:image:height\" content=\"933\" \/>\n\t<meta property=\"og:image:type\" content=\"image\/jpeg\" \/>\n<meta name=\"author\" content=\"etudiant\" \/>\n<meta name=\"twitter:card\" content=\"summary_large_image\" \/>\n<meta name=\"twitter:label1\" content=\"\u00c9crit par\" \/>\n\t<meta name=\"twitter:data1\" content=\"etudiant\" \/>\n\t<meta name=\"twitter:label2\" content=\"Dur\u00e9e de lecture estim\u00e9e\" \/>\n\t<meta name=\"twitter:data2\" content=\"1 minute\" \/>\n<script type=\"application\/ld+json\" class=\"yoast-schema-graph\">{\"@context\":\"https:\\\/\\\/schema.org\",\"@graph\":[{\"@type\":\"Article\",\"@id\":\"https:\\\/\\\/www.supaffaires.com\\\/BTSblancperrine\\\/2025\\\/04\\\/29\\\/brieuc-choisit-le-transport-maritime-decarbone\\\/#article\",\"isPartOf\":{\"@id\":\"https:\\\/\\\/www.supaffaires.com\\\/BTSblancperrine\\\/2025\\\/04\\\/29\\\/brieuc-choisit-le-transport-maritime-decarbone\\\/\"},\"author\":{\"name\":\"etudiant\",\"@id\":\"https:\\\/\\\/www.supaffaires.com\\\/BTSblancperrine\\\/#\\\/schema\\\/person\\\/44704447bb8f0eddf9f1269613f5ea66\"},\"headline\":\"Brieuc choisit le transport maritime d\u00e9carbon\u00e9\",\"datePublished\":\"2025-04-29T12:30:00+00:00\",\"dateModified\":\"2025-04-29T12:46:10+00:00\",\"mainEntityOfPage\":{\"@id\":\"https:\\\/\\\/www.supaffaires.com\\\/BTSblancperrine\\\/2025\\\/04\\\/29\\\/brieuc-choisit-le-transport-maritime-decarbone\\\/\"},\"wordCount\":174,\"commentCount\":0,\"publisher\":{\"@id\":\"https:\\\/\\\/www.supaffaires.com\\\/BTSblancperrine\\\/#organization\"},\"image\":{\"@id\":\"https:\\\/\\\/www.supaffaires.com\\\/BTSblancperrine\\\/2025\\\/04\\\/29\\\/brieuc-choisit-le-transport-maritime-decarbone\\\/#primaryimage\"},\"thumbnailUrl\":\"https:\\\/\\\/www.supaffaires.com\\\/BTSblancperrine\\\/wp-content\\\/uploads\\\/2025\\\/04\\\/Grain_de_sail_maquette-2-1024x574.jpg\",\"articleSection\":[\"Uncategorized\"],\"inLanguage\":\"fr-FR\",\"potentialAction\":[{\"@type\":\"CommentAction\",\"name\":\"Comment\",\"target\":[\"https:\\\/\\\/www.supaffaires.com\\\/BTSblancperrine\\\/2025\\\/04\\\/29\\\/brieuc-choisit-le-transport-maritime-decarbone\\\/#respond\"]}]},{\"@type\":\"WebPage\",\"@id\":\"https:\\\/\\\/www.supaffaires.com\\\/BTSblancperrine\\\/2025\\\/04\\\/29\\\/brieuc-choisit-le-transport-maritime-decarbone\\\/\",\"url\":\"https:\\\/\\\/www.supaffaires.com\\\/BTSblancperrine\\\/2025\\\/04\\\/29\\\/brieuc-choisit-le-transport-maritime-decarbone\\\/\",\"name\":\"Brieuc choisit le transport maritime d\u00e9carbon\u00e9 - Biscuiterie BRIEUC\",\"isPartOf\":{\"@id\":\"https:\\\/\\\/www.supaffaires.com\\\/BTSblancperrine\\\/#website\"},\"primaryImageOfPage\":{\"@id\":\"https:\\\/\\\/www.supaffaires.com\\\/BTSblancperrine\\\/2025\\\/04\\\/29\\\/brieuc-choisit-le-transport-maritime-decarbone\\\/#primaryimage\"},\"image\":{\"@id\":\"https:\\\/\\\/www.supaffaires.com\\\/BTSblancperrine\\\/2025\\\/04\\\/29\\\/brieuc-choisit-le-transport-maritime-decarbone\\\/#primaryimage\"},\"thumbnailUrl\":\"https:\\\/\\\/www.supaffaires.com\\\/BTSblancperrine\\\/wp-content\\\/uploads\\\/2025\\\/04\\\/Grain_de_sail_maquette-2-1024x574.jpg\",\"datePublished\":\"2025-04-29T12:30:00+00:00\",\"dateModified\":\"2025-04-29T12:46:10+00:00\",\"breadcrumb\":{\"@id\":\"https:\\\/\\\/www.supaffaires.com\\\/BTSblancperrine\\\/2025\\\/04\\\/29\\\/brieuc-choisit-le-transport-maritime-decarbone\\\/#breadcrumb\"},\"inLanguage\":\"fr-FR\",\"potentialAction\":[{\"@type\":\"ReadAction\",\"target\":[\"https:\\\/\\\/www.supaffaires.com\\\/BTSblancperrine\\\/2025\\\/04\\\/29\\\/brieuc-choisit-le-transport-maritime-decarbone\\\/\"]}]},{\"@type\":\"ImageObject\",\"inLanguage\":\"fr-FR\",\"@id\":\"https:\\\/\\\/www.supaffaires.com\\\/BTSblancperrine\\\/2025\\\/04\\\/29\\\/brieuc-choisit-le-transport-maritime-decarbone\\\/#primaryimage\",\"url\":\"https:\\\/\\\/www.supaffaires.com\\\/BTSblancperrine\\\/wp-content\\\/uploads\\\/2025\\\/04\\\/Grain_de_sail_maquette-2.jpg\",\"contentUrl\":\"https:\\\/\\\/www.supaffaires.com\\\/BTSblancperrine\\\/wp-content\\\/uploads\\\/2025\\\/04\\\/Grain_de_sail_maquette-2.jpg\",\"width\":1665,\"height\":933,\"caption\":\"Voilier sur l'eau\"},{\"@type\":\"BreadcrumbList\",\"@id\":\"https:\\\/\\\/www.supaffaires.com\\\/BTSblancperrine\\\/2025\\\/04\\\/29\\\/brieuc-choisit-le-transport-maritime-decarbone\\\/#breadcrumb\",\"itemListElement\":[{\"@type\":\"ListItem\",\"position\":1,\"name\":\"Accueil\",\"item\":\"https:\\\/\\\/www.supaffaires.com\\\/BTSblancperrine\\\/\"},{\"@type\":\"ListItem\",\"position\":2,\"name\":\"Brieuc choisit le transport maritime d\u00e9carbon\u00e9\"}]},{\"@type\":\"WebSite\",\"@id\":\"https:\\\/\\\/www.supaffaires.com\\\/BTSblancperrine\\\/#website\",\"url\":\"https:\\\/\\\/www.supaffaires.com\\\/BTSblancperrine\\\/\",\"name\":\"Biscuiterie BRIEUC\",\"description\":\"Biscuiterie Caramelerie et confiturerie bretonne\",\"publisher\":{\"@id\":\"https:\\\/\\\/www.supaffaires.com\\\/BTSblancperrine\\\/#organization\"},\"potentialAction\":[{\"@type\":\"SearchAction\",\"target\":{\"@type\":\"EntryPoint\",\"urlTemplate\":\"https:\\\/\\\/www.supaffaires.com\\\/BTSblancperrine\\\/?s={search_term_string}\"},\"query-input\":{\"@type\":\"PropertyValueSpecification\",\"valueRequired\":true,\"valueName\":\"search_term_string\"}}],\"inLanguage\":\"fr-FR\"},{\"@type\":\"Organization\",\"@id\":\"https:\\\/\\\/www.supaffaires.com\\\/BTSblancperrine\\\/#organization\",\"name\":\"Biscuiterie BRIEUC\",\"url\":\"https:\\\/\\\/www.supaffaires.com\\\/BTSblancperrine\\\/\",\"logo\":{\"@type\":\"ImageObject\",\"inLanguage\":\"fr-FR\",\"@id\":\"https:\\\/\\\/www.supaffaires.com\\\/BTSblancperrine\\\/#\\\/schema\\\/logo\\\/image\\\/\",\"url\":\"https:\\\/\\\/www.supaffaires.com\\\/BTSblancperrine\\\/wp-content\\\/uploads\\\/2025\\\/03\\\/cropped-logo-brieuc.png\",\"contentUrl\":\"https:\\\/\\\/www.supaffaires.com\\\/BTSblancperrine\\\/wp-content\\\/uploads\\\/2025\\\/03\\\/cropped-logo-brieuc.png\",\"width\":255,\"height\":195,\"caption\":\"Biscuiterie BRIEUC\"},\"image\":{\"@id\":\"https:\\\/\\\/www.supaffaires.com\\\/BTSblancperrine\\\/#\\\/schema\\\/logo\\\/image\\\/\"}},{\"@type\":\"Person\",\"@id\":\"https:\\\/\\\/www.supaffaires.com\\\/BTSblancperrine\\\/#\\\/schema\\\/person\\\/44704447bb8f0eddf9f1269613f5ea66\",\"name\":\"etudiant\",\"image\":{\"@type\":\"ImageObject\",\"inLanguage\":\"fr-FR\",\"@id\":\"https:\\\/\\\/secure.gravatar.com\\\/avatar\\\/98e3c291438e63f30806e1ab7c38f71e954bac5f2a077d85f00f728862d3c221?s=96&d=mm&r=g\",\"url\":\"https:\\\/\\\/secure.gravatar.com\\\/avatar\\\/98e3c291438e63f30806e1ab7c38f71e954bac5f2a077d85f00f728862d3c221?s=96&d=mm&r=g\",\"contentUrl\":\"https:\\\/\\\/secure.gravatar.com\\\/avatar\\\/98e3c291438e63f30806e1ab7c38f71e954bac5f2a077d85f00f728862d3c221?s=96&d=mm&r=g\",\"caption\":\"etudiant\"},\"sameAs\":[\"https:\\\/\\\/www.supaffaires.com\\\/BTSblancperrine\"],\"url\":\"https:\\\/\\\/www.supaffaires.com\\\/BTSblancperrine\\\/author\\\/etudiant\\\/\"}]}<\/script>\n<!-- \/ Yoast SEO plugin. -->","yoast_head_json":{"title":"Brieuc choisit le transport maritime d\u00e9carbon\u00e9 - Biscuiterie BRIEUC","robots":{"index":"index","follow":"follow","max-snippet":"max-snippet:-1","max-image-preview":"max-image-preview:large","max-video-preview":"max-video-preview:-1"},"canonical":"https:\/\/www.supaffaires.com\/BTSblancperrine\/2025\/04\/29\/brieuc-choisit-le-transport-maritime-decarbone\/","og_locale":"fr_FR","og_type":"article","og_title":"Brieuc choisit le transport maritime d\u00e9carbon\u00e9 - Biscuiterie BRIEUC","og_description":"Chez Brieuc, nous renfor\u00e7ons notre engagement en faveur de l\u2019environnement en adoptant un mode de transport maritime plus \u00e9cologique. Pour acheminer certaines mati\u00e8res premi\u00e8res comme le cacao, nous faisons d\u00e9sormais appel \u00e0 un cargo voilier. Ce bateau, propuls\u00e9 principalement par la force du vent, permet de r\u00e9duire significativement les \u00e9missions de CO\u2082 li\u00e9es au transport [&hellip;]","og_url":"https:\/\/www.supaffaires.com\/BTSblancperrine\/2025\/04\/29\/brieuc-choisit-le-transport-maritime-decarbone\/","og_site_name":"Biscuiterie BRIEUC","article_published_time":"2025-04-29T12:30:00+00:00","article_modified_time":"2025-04-29T12:46:10+00:00","og_image":[{"width":1665,"height":933,"url":"https:\/\/www.supaffaires.com\/BTSblancperrine\/wp-content\/uploads\/2025\/04\/Grain_de_sail_maquette-2.jpg","type":"image\/jpeg"}],"author":"etudiant","twitter_card":"summary_large_image","twitter_misc":{"\u00c9crit par":"etudiant","Dur\u00e9e de lecture estim\u00e9e":"1 minute"},"schema":{"@context":"https:\/\/schema.org","@graph":[{"@type":"Article","@id":"https:\/\/www.supaffaires.com\/BTSblancperrine\/2025\/04\/29\/brieuc-choisit-le-transport-maritime-decarbone\/#article","isPartOf":{"@id":"https:\/\/www.supaffaires.com\/BTSblancperrine\/2025\/04\/29\/brieuc-choisit-le-transport-maritime-decarbone\/"},"author":{"name":"etudiant","@id":"https:\/\/www.supaffaires.com\/BTSblancperrine\/#\/schema\/person\/44704447bb8f0eddf9f1269613f5ea66"},"headline":"Brieuc choisit le transport maritime d\u00e9carbon\u00e9","datePublished":"2025-04-29T12:30:00+00:00","dateModified":"2025-04-29T12:46:10+00:00","mainEntityOfPage":{"@id":"https:\/\/www.supaffaires.com\/BTSblancperrine\/2025\/04\/29\/brieuc-choisit-le-transport-maritime-decarbone\/"},"wordCount":174,"commentCount":0,"publisher":{"@id":"https:\/\/www.supaffaires.com\/BTSblancperrine\/#organization"},"image":{"@id":"https:\/\/www.supaffaires.com\/BTSblancperrine\/2025\/04\/29\/brieuc-choisit-le-transport-maritime-decarbone\/#primaryimage"},"thumbnailUrl":"https:\/\/www.supaffaires.com\/BTSblancperrine\/wp-content\/uploads\/2025\/04\/Grain_de_sail_maquette-2-1024x574.jpg","articleSection":["Uncategorized"],"inLanguage":"fr-FR","potentialAction":[{"@type":"CommentAction","name":"Comment","target":["https:\/\/www.supaffaires.com\/BTSblancperrine\/2025\/04\/29\/brieuc-choisit-le-transport-maritime-decarbone\/#respond"]}]},{"@type":"WebPage","@id":"https:\/\/www.supaffaires.com\/BTSblancperrine\/2025\/04\/29\/brieuc-choisit-le-transport-maritime-decarbone\/","url":"https:\/\/www.supaffaires.com\/BTSblancperrine\/2025\/04\/29\/brieuc-choisit-le-transport-maritime-decarbone\/","name":"Brieuc choisit le transport maritime d\u00e9carbon\u00e9 - Biscuiterie BRIEUC","isPartOf":{"@id":"https:\/\/www.supaffaires.com\/BTSblancperrine\/#website"},"primaryImageOfPage":{"@id":"https:\/\/www.supaffaires.com\/BTSblancperrine\/2025\/04\/29\/brieuc-choisit-le-transport-maritime-decarbone\/#primaryimage"},"image":{"@id":"https:\/\/www.supaffaires.com\/BTSblancperrine\/2025\/04\/29\/brieuc-choisit-le-transport-maritime-decarbone\/#primaryimage"},"thumbnailUrl":"https:\/\/www.supaffaires.com\/BTSblancperrine\/wp-content\/uploads\/2025\/04\/Grain_de_sail_maquette-2-1024x574.jpg","datePublished":"2025-04-29T12:30:00+00:00","dateModified":"2025-04-29T12:46:10+00:00","breadcrumb":{"@id":"https:\/\/www.supaffaires.com\/BTSblancperrine\/2025\/04\/29\/brieuc-choisit-le-transport-maritime-decarbone\/#breadcrumb"},"inLanguage":"fr-FR","potentialAction":[{"@type":"ReadAction","target":["https:\/\/www.supaffaires.com\/BTSblancperrine\/2025\/04\/29\/brieuc-choisit-le-transport-maritime-decarbone\/"]}]},{"@type":"ImageObject","inLanguage":"fr-FR","@id":"https:\/\/www.supaffaires.com\/BTSblancperrine\/2025\/04\/29\/brieuc-choisit-le-transport-maritime-decarbone\/#primaryimage","url":"https:\/\/www.supaffaires.com\/BTSblancperrine\/wp-content\/uploads\/2025\/04\/Grain_de_sail_maquette-2.jpg","contentUrl":"https:\/\/www.supaffaires.com\/BTSblancperrine\/wp-content\/uploads\/2025\/04\/Grain_de_sail_maquette-2.jpg","width":1665,"height":933,"caption":"Voilier sur l'eau"},{"@type":"BreadcrumbList","@id":"https:\/\/www.supaffaires.com\/BTSblancperrine\/2025\/04\/29\/brieuc-choisit-le-transport-maritime-decarbone\/#breadcrumb","itemListElement":[{"@type":"ListItem","position":1,"name":"Accueil","item":"https:\/\/www.supaffaires.com\/BTSblancperrine\/"},{"@type":"ListItem","position":2,"name":"Brieuc choisit le transport maritime d\u00e9carbon\u00e9"}]},{"@type":"WebSite","@id":"https:\/\/www.supaffaires.com\/BTSblancperrine\/#website","url":"https:\/\/www.supaffaires.com\/BTSblancperrine\/","name":"Biscuiterie BRIEUC","description":"Biscuiterie Caramelerie et confiturerie bretonne","publisher":{"@id":"https:\/\/www.supaffaires.com\/BTSblancperrine\/#organization"},"potentialAction":[{"@type":"SearchAction","target":{"@type":"EntryPoint","urlTemplate":"https:\/\/www.supaffaires.com\/BTSblancperrine\/?s={search_term_string}"},"query-input":{"@type":"PropertyValueSpecification","valueRequired":true,"valueName":"search_term_string"}}],"inLanguage":"fr-FR"},{"@type":"Organization","@id":"https:\/\/www.supaffaires.com\/BTSblancperrine\/#organization","name":"Biscuiterie BRIEUC","url":"https:\/\/www.supaffaires.com\/BTSblancperrine\/","logo":{"@type":"ImageObject","inLanguage":"fr-FR","@id":"https:\/\/www.supaffaires.com\/BTSblancperrine\/#\/schema\/logo\/image\/","url":"https:\/\/www.supaffaires.com\/BTSblancperrine\/wp-content\/uploads\/2025\/03\/cropped-logo-brieuc.png","contentUrl":"https:\/\/www.supaffaires.com\/BTSblancperrine\/wp-content\/uploads\/2025\/03\/cropped-logo-brieuc.png","width":255,"height":195,"caption":"Biscuiterie BRIEUC"},"image":{"@id":"https:\/\/www.supaffaires.com\/BTSblancperrine\/#\/schema\/logo\/image\/"}},{"@type":"Person","@id":"https:\/\/www.supaffaires.com\/BTSblancperrine\/#\/schema\/person\/44704447bb8f0eddf9f1269613f5ea66","name":"etudiant","image":{"@type":"ImageObject","inLanguage":"fr-FR","@id":"https:\/\/secure.gravatar.com\/avatar\/98e3c291438e63f30806e1ab7c38f71e954bac5f2a077d85f00f728862d3c221?s=96&d=mm&r=g","url":"https:\/\/secure.gravatar.com\/avatar\/98e3c291438e63f30806e1ab7c38f71e954bac5f2a077d85f00f728862d3c221?s=96&d=mm&r=g","contentUrl":"https:\/\/secure.gravatar.com\/avatar\/98e3c291438e63f30806e1ab7c38f71e954bac5f2a077d85f00f728862d3c221?s=96&d=mm&r=g","caption":"etudiant"},"sameAs":["https:\/\/www.supaffaires.com\/BTSblancperrine"],"url":"https:\/\/www.supaffaires.com\/BTSblancperrine\/author\/etudiant\/"}]}},"uagb_featured_image_src":{"full":false,"thumbnail":false,"medium":false,"medium_large":false,"large":false,"1536x1536":false,"2048x2048":false},"uagb_author_info":{"display_name":"etudiant","author_link":"https:\/\/www.supaffaires.com\/BTSblancperrine\/author\/etudiant\/"},"uagb_comment_info":0,"uagb_excerpt":"Chez Brieuc, nous renfor\u00e7ons notre engagement en faveur de l\u2019environnement en adoptant un mode de transport maritime plus \u00e9cologique. Pour acheminer certaines mati\u00e8res premi\u00e8res comme le cacao, nous faisons d\u00e9sormais appel \u00e0 un cargo voilier. Ce bateau, propuls\u00e9 principalement par la force du vent, permet de r\u00e9duire significativement les \u00e9missions de CO\u2082 li\u00e9es au transport\u2026","_links":{"self":[{"href":"https:\/\/www.supaffaires.com\/BTSblancperrine\/wp-json\/wp\/v2\/posts\/286","targetHints":{"allow":["GET"]}}],"collection":[{"href":"https:\/\/www.supaffaires.com\/BTSblancperrine\/wp-json\/wp\/v2\/posts"}],"about":[{"href":"https:\/\/www.supaffaires.com\/BTSblancperrine\/wp-json\/wp\/v2\/types\/post"}],"author":[{"embeddable":true,"href":"https:\/\/www.supaffaires.com\/BTSblancperrine\/wp-json\/wp\/v2\/users\/1"}],"replies":[{"embeddable":true,"href":"https:\/\/www.supaffaires.com\/BTSblancperrine\/wp-json\/wp\/v2\/comments?post=286"}],"version-history":[{"count":5,"href":"https:\/\/www.supaffaires.com\/BTSblancperrine\/wp-json\/wp\/v2\/posts\/286\/revisions"}],"predecessor-version":[{"id":471,"href":"https:\/\/www.supaffaires.com\/BTSblancperrine\/wp-json\/wp\/v2\/posts\/286\/revisions\/471"}],"wp:attachment":[{"href":"https:\/\/www.supaffaires.com\/BTSblancperrine\/wp-json\/wp\/v2\/media?parent=286"}],"wp:term":[{"taxonomy":"category","embeddable":true,"href":"https:\/\/www.supaffaires.com\/BTSblancperrine\/wp-json\/wp\/v2\/categories?post=286"},{"taxonomy":"post_tag","embeddable":true,"href":"https:\/\/www.supaffaires.com\/BTSblancperrine\/wp-json\/wp\/v2\/tags?post=286"}],"curies":[{"name":"wp","href":"https:\/\/api.w.org\/{rel}","templated":true}]}}